[{"@context":"https:\/\/schema.org\/","@type":"Article","@id":"https:\/\/www.gestoria.cz\/zlepsete-si-pocit-z-jizdy\/#Article","mainEntityOfPage":"https:\/\/www.gestoria.cz\/zlepsete-si-pocit-z-jizdy\/","headline":"Zlep\u0161ete si pocit z j\u00edzdy","name":"Zlep\u0161ete si pocit z j\u00edzdy","description":"M\u00e1te posledn\u00ed dobou nep\u0159\u00edjemn\u00fd pocit, \u017ee se v\u00e1m p\u0159i cestov\u00e1n\u00ed vozem dob\u0159e ne\u0159\u00edd\u00ed? Chce to n\u011bjak\u00fd dopln\u011bk, kter\u00fd by eliminoval ne\u017e\u00e1douc\u00ed vlivy, kter\u00e9 na v\u00e1s &hellip; ","datePublished":"2023-08-15","dateModified":"2023-08-15","author":{"@type":"Person","@id":"https:\/\/www.gestoria.cz\/author\/#Person","name":"","url":"https:\/\/www.gestoria.cz\/author\/","identifier":1,"image":{"@type":"ImageObject","@id":"https:\/\/secure.gravatar.com\/avatar\/d2f205e1507a0401c7d467d32c87ccece0f63a45b81075bb691dbe8d4c823787?s=96&d=mm&r=g","url":"https:\/\/secure.gravatar.com\/avatar\/d2f205e1507a0401c7d467d32c87ccece0f63a45b81075bb691dbe8d4c823787?s=96&d=mm&r=g","height":96,"width":96}},"publisher":{"@type":"Organization","name":"gestoria.cz","logo":{"@type":"ImageObject","@id":"\/logo.png","url":"\/logo.png","width":600,"height":60}},"url":"https:\/\/www.gestoria.cz\/zlepsete-si-pocit-z-jizdy\/","wordCount":236,"articleBody":"M\u00e1te posledn\u00ed dobou nep\u0159\u00edjemn\u00fd pocit, \u017ee se v\u00e1m p\u0159i cestov\u00e1n\u00ed vozem dob\u0159e ne\u0159\u00edd\u00ed? Chce to n\u011bjak\u00fd dopln\u011bk, kter\u00fd by eliminoval ne\u017e\u00e1douc\u00ed vlivy, kter\u00e9 na v\u00e1s po \u010das \u0159\u00edzen\u00ed vozidla p\u016fsob\u00ed? Jestli\u017ee ano, pak v\u00e1m s velkou pravd\u011bpodobnost\u00ed pomohou autof\u00f3lie Brno. Tyto dopl\u0148ky v\u00e1m ud\u011blaj\u00ed velkou radost, a to p\u0159edev\u0161\u00edm d\u00edky sv\u00fdm funkc\u00edm. Tou hlavn\u00ed je bezesporu ochrana p\u0159ed sluncem, ale m\u016f\u017eete se t\u011b\u0161it tak\u00e9 z v\u011bt\u0161\u00ed ochrany p\u0159ed zv\u00eddav\u00fdmi pohledy kolemjdouc\u00edch lid\u00ed nebo kolem jedouc\u00edch \u0159idi\u010d\u016f. Z\u00e1le\u017e\u00ed proto jen na tom, jak\u00e9 d\u016fvody jsou pro v\u00e1s d\u016fle\u017eit\u00e9 a kter\u00e9 budou rozhoduj\u00edc\u00ed.Rozhodn\u011b nebudete litovatJedn\u00e1 se ale hlavn\u011b o \u00fapravu va\u0161eho vozu, kter\u00e1 je skute\u010dn\u011b praktick\u00e1 a p\u0159i j\u00edzd\u011b v\u00e1m toho dop\u0159eje vskutku mnoho. Jist\u011b v\u00e1s ji\u017e nebav\u00ed jezdit bokem ke slunci tak, \u017ee jste neust\u00e1le osln\u011bn\u00ed. Pr\u00e1v\u011b tohle, ale mnohem v\u00edc mohou vy\u0159e\u0161it f\u00f3lie. Abyste je mohli m\u00edt i na sv\u00e9m voze, sta\u010d\u00ed p\u0159ijet do na\u0161eho servisu, kde se postar\u00e1me o jejich odbornou mont\u00e1\u017e. Ta bude provedena velmi rychle a bez n\u011bjak\u00fdch komplikac\u00ed, a to d\u00edky na\u0161im dlouholet\u00fdm zku\u0161enostem.                                                                                                                                                                                                                                                                                                                                                                                        4.1\/5 - (16 votes)        "},{"@context":"https:\/\/schema.org\/","@type":"BreadcrumbList","itemListElement":[{"@type":"ListItem","position":1,"name":"Zlep\u0161ete si pocit z j\u00edzdy","item":"https:\/\/www.gestoria.cz\/zlepsete-si-pocit-z-jizdy\/#breadcrumbitem"}]}]