[{"@context":"https:\/\/schema.org\/","@type":"Article","@id":"https:\/\/www.gestoria.cz\/zbozi-z-ciny-ano-ci-ne\/#Article","mainEntityOfPage":"https:\/\/www.gestoria.cz\/zbozi-z-ciny-ano-ci-ne\/","headline":"Zbo\u017e\u00ed z \u010c\u00edny, ano \u010di ne","name":"Zbo\u017e\u00ed z \u010c\u00edny, ano \u010di ne","description":"Po\u0159izov\u00e1n\u00ed zbo\u017e\u00ed v\u00a0e-shopu m\u00e1 sv\u00e9 v\u00fdhody a p\u0159ednosti. P\u0159edev\u0161\u00edm je to \u00faspora \u010dasu, nemus\u00edte se trm\u00e1cet do obcho\u010f\u00e1ku a str\u00e1vit p\u016fl dne mezi stovkami lid\u00ed, &hellip; ","datePublished":"2020-09-24","dateModified":"2023-05-02","author":{"@type":"Person","@id":"https:\/\/www.gestoria.cz\/author\/#Person","name":"","url":"https:\/\/www.gestoria.cz\/author\/","identifier":1,"image":{"@type":"ImageObject","@id":"https:\/\/secure.gravatar.com\/avatar\/d2f205e1507a0401c7d467d32c87ccece0f63a45b81075bb691dbe8d4c823787?s=96&d=mm&r=g","url":"https:\/\/secure.gravatar.com\/avatar\/d2f205e1507a0401c7d467d32c87ccece0f63a45b81075bb691dbe8d4c823787?s=96&d=mm&r=g","height":96,"width":96}},"publisher":{"@type":"Organization","name":"gestoria.cz","logo":{"@type":"ImageObject","@id":"\/logo.png","url":"\/logo.png","width":600,"height":60}},"image":{"@type":"ImageObject","@id":"https:\/\/www.gestoria.cz\/wp-content\/uploads\/img_a316560_w2242_t1527578512.jpg","url":"https:\/\/www.gestoria.cz\/wp-content\/uploads\/img_a316560_w2242_t1527578512.jpg","height":0,"width":0},"url":"https:\/\/www.gestoria.cz\/zbozi-z-ciny-ano-ci-ne\/","about":["Zbo\u017e\u00ed"],"wordCount":442,"articleBody":"Po\u0159izov\u00e1n\u00ed zbo\u017e\u00ed v\u00a0e-shopu m\u00e1 sv\u00e9 v\u00fdhody a p\u0159ednosti. P\u0159edev\u0161\u00edm je to \u00faspora \u010dasu, nemus\u00edte se trm\u00e1cet do obcho\u010f\u00e1ku a str\u00e1vit p\u016fl dne mezi stovkami lid\u00ed, zbo\u017e\u00ed si vyberete v\u00a0klidu domova a m\u00e1te mo\u017enost ho ihned po uskute\u010dn\u011bn\u00ed objedn\u00e1vky zaplatit. V\u011bt\u0161ina z\u00a0n\u00e1s u\u017e m\u00e1 tuto zku\u0161enost za sebou, co se t\u00fdk\u00e1 \u010desk\u00fdch internetov\u00fdch obchod\u016f. Ale st\u00e1le v\u011bt\u0161\u00ed oblib\u011b se t\u011b\u0161\u00ed zahrani\u010dn\u00ed e-shopy, a to p\u0159edev\u0161\u00edm ty \u010d\u00ednsk\u00e9, pro z\u00e1kazn\u00edka je l\u00e1kav\u00e1 hlavn\u011b v\u00fdhodn\u00e1 cena zbo\u017e\u00ed a tak\u00e9 jeho rozmanitost, jedin\u00fdm v\u00fdrazn\u00fdm z\u00e1porem je snad jen doba doru\u010den\u00ed, kter\u00e1 m\u016f\u017ee b\u00fdt i dva m\u011bs\u00edce.Nejzn\u00e1m\u011bj\u0161\u00edm a nejvyhled\u00e1van\u011bj\u0161\u00edm je \u010d\u00ednsk\u00fd e-shop AliExpress. Je to obdoba na\u0161eho Aukro \u010di zahrani\u010dn\u00edho Ebay. Dodavatel\u00e9 zbo\u017e\u00ed jsou drobn\u00ed obchodn\u00edci, kte\u0159\u00ed dok\u00e1\u017e\u00ed nab\u00eddnout tak\u0159ka cokoliv od oble\u010den\u00ed, spot\u0159ebn\u00edho zbo\u017e\u00ed a\u017e po hra\u010dky.Budoucnost Bohu\u017eel se z\u0159ejm\u011b bl\u00ed\u017e\u00ed doba, kdy i tyto n\u00e1kupy se pro n\u00e1s stanou m\u00e9n\u011b v\u00fdhodn\u011bj\u0161\u00edmi, a to d\u00edky nov\u00e9mu na\u0159\u00edzen\u00ed Evropsk\u00e9 unie, kter\u00e9 by m\u011blo platit podle dosavadn\u00edch informac\u00ed nejpozd\u011bji od po\u010d\u00e1tku roku 2021, mo\u017en\u00e1 i d\u0159\u00edve. \u00a0D\u016fvodem tohoto opat\u0159en\u00ed je zabr\u00e1nit da\u0148ov\u00fdm podvod\u016fm. Probl\u00e9m bude spo\u010d\u00edvat v\u00a0tom, \u017ee zbo\u017e\u00ed ni\u017e\u0161\u00ed hodny (do \u010d\u00e1stky nep\u0159esahuj\u00edc\u00ed 22 eur) ji\u017e nebude podl\u00e9hat osvobozen\u00ed od dan\u011b z\u00a0p\u0159idan\u00e9 hodnoty. Nakupuj\u00edc\u00ed by si tedy musel spo\u010d\u00edtat hodnotu z\u00e1silky p\u0159ed jej\u00edm n\u00e1kupem tak, aby na bal\u00ed\u010dek nebylo mo\u017en\u00e9 uvalit da\u0148. Pokud by byla \u010d\u00e1stka 22 eur p\u0159ekro\u010dena, do\u0161lo by k\u00a0b\u011b\u017en\u00e9mu procl\u00edv\u00e1n\u00ed, hrazen\u00ed celn\u00edho poplatku a dan\u011b z\u00a0p\u0159idan\u00e9 hodnoty, t\u00edm by samoz\u0159ejm\u011b cena zbo\u017e\u00ed vzrostla a prot\u00e1hlo by se i samotn\u00e9 doru\u010den\u00ed adres\u00e1tovi.\u010c\u00ednsk\u00e9 e-shopy jsou v\u0161ak i na tuto variantu p\u0159ipraveny a necht\u011bj\u00ed p\u0159ij\u00edt nejen o sv\u00e9 st\u00e1vaj\u00edc\u00ed, ale i o sv\u00e9 budouc\u00ed kupuj\u00edc\u00ed, a tak pl\u00e1nuj\u00ed budov\u00e1n\u00ed tzv. mezisklad\u016f, kter\u00e9 by byly um\u00edst\u011bny ve st\u00e1tech spadaj\u00edc\u00edch do Evropsk\u00e9 unie.Dal\u0161\u00edm probl\u00e9mem, kter\u00fd by mohl vzniknout u zbo\u017e\u00ed men\u0161\u00ed hodnoty, jsou n\u00e1klady spojen\u00e9 se samotn\u00fdm stanoven\u00edm v\u00fd\u0161e cla a DPH a tak\u00e9 jejich n\u00e1sledn\u00fdm hrazen\u00edm.                                                                                                                                                                                                                                                                                                                                                                                        3.2\/5 - (4 votes)        "},{"@context":"https:\/\/schema.org\/","@type":"BreadcrumbList","itemListElement":[{"@type":"ListItem","position":1,"name":"Zbo\u017e\u00ed z \u010c\u00edny, ano \u010di ne","item":"https:\/\/www.gestoria.cz\/zbozi-z-ciny-ano-ci-ne\/#breadcrumbitem"}]}]