[{"@context":"https:\/\/schema.org\/","@type":"Article","@id":"https:\/\/www.gestoria.cz\/za-pamatkami-a-zazitky-do-izraele\/#Article","mainEntityOfPage":"https:\/\/www.gestoria.cz\/za-pamatkami-a-zazitky-do-izraele\/","headline":"Za pam\u00e1tkami a z\u00e1\u017eitky do Izraele","name":"Za pam\u00e1tkami a z\u00e1\u017eitky do Izraele","description":"A\u010d je Izrael pom\u011brn\u011b mal\u00fd st\u00e1t na Bl\u00edzk\u00e9m v\u00fdchodu, ve sv\u00e9m nitru skr\u00fdv\u00e1 bohatstv\u00ed mnoha posv\u00e1tn\u00fdch m\u00edst, po kter\u00fdch se proch\u00e1zel s\u00e1m Je\u017e\u00ed\u0161 Kristus. Krom\u011b &hellip; ","datePublished":"2025-03-02","dateModified":"2023-05-02","author":{"@type":"Person","@id":"https:\/\/www.gestoria.cz\/author\/#Person","name":"","url":"https:\/\/www.gestoria.cz\/author\/","identifier":1,"image":{"@type":"ImageObject","@id":"https:\/\/secure.gravatar.com\/avatar\/d2f205e1507a0401c7d467d32c87ccece0f63a45b81075bb691dbe8d4c823787?s=96&d=mm&r=g","url":"https:\/\/secure.gravatar.com\/avatar\/d2f205e1507a0401c7d467d32c87ccece0f63a45b81075bb691dbe8d4c823787?s=96&d=mm&r=g","height":96,"width":96}},"publisher":{"@type":"Organization","name":"gestoria.cz","logo":{"@type":"ImageObject","@id":"\/logo.png","url":"\/logo.png","width":600,"height":60}},"image":{"@type":"ImageObject","@id":"https:\/\/www.gestoria.cz\/wp-content\/uploads\/img_a295435_w2071_t1506792684.jpg","url":"https:\/\/www.gestoria.cz\/wp-content\/uploads\/img_a295435_w2071_t1506792684.jpg","height":0,"width":0},"url":"https:\/\/www.gestoria.cz\/za-pamatkami-a-zazitky-do-izraele\/","wordCount":434,"articleBody":"A\u010d je Izrael pom\u011brn\u011b mal\u00fd st\u00e1t na Bl\u00edzk\u00e9m v\u00fdchodu, ve sv\u00e9m nitru skr\u00fdv\u00e1 bohatstv\u00ed mnoha posv\u00e1tn\u00fdch m\u00edst, po kter\u00fdch se proch\u00e1zel s\u00e1m Je\u017e\u00ed\u0161 Kristus. Krom\u011b toho se jedn\u00e1 o pom\u011brn\u011b bezpe\u010dnou destinaci, z\u00a0kter\u00e9 si m\u016f\u017eete odv\u00e9st spoustu z\u00e1\u017eitk\u016f i p\u011bkn\u00fdch vzpom\u00ednek a to i pokud nejste k\u0159es\u0165an\u00e9. Izrael m\u00e1 toti\u017e co nab\u00eddnout v\u0161em.Jednozna\u010dn\u00fdm centrem tohoto st\u00e1tu je m\u011bsto Jeruzal\u00e9m, kde se nach\u00e1z\u00ed nejd\u016fle\u017eit\u011bj\u0161\u00ed pam\u00e1tka pro \u017didy a to Ze\u010f n\u00e1\u0159k\u016f. \u00a0Ta je ale \u010dasto vyhled\u00e1v\u00e1na ipoutn\u00edky z\u00a0cel\u00e9ho sv\u011bta, kte\u0159\u00ed se u n\u00ed stejn\u011b tak jako \u017did\u00e9 modl\u00ed s\u00a0nad\u011bj\u00ed a v\u00edrou vysly\u0161en\u00ed sv\u00fdch proseb. Sv\u00e9 prosby p\u00ed\u0161\u00ed na mal\u00e9 pap\u00edrky, kter\u00e9 n\u00e1sledn\u011b vkl\u00e1daj\u00ed do \u0161t\u011brbin Zdi n\u00e1\u0159k\u016f. Nem\u00e9n\u011b je zaj\u00edmav\u00e1 i historie t\u00e9to fascinuj\u00edc\u00ed stavby. Jedn\u00e1 se toti\u017e o posledn\u00ed dochovanou ze\u010f b\u00fdval\u00e9ho chr\u00e1mu kr\u00e1le \u0160alamouna. Ze\u010f n\u00e1\u0159k\u016f ale nen\u00ed rozhodn\u011b jedin\u00e1 pam\u00e1tka, kter\u00e1 v\u00a0Jeruzal\u00e9m\u011b stoj\u00ed za vid\u011bn\u00ed. Pokud si ud\u011bl\u00e1te v\u00fdlet na horu Si\u00f3n, budete si moci prohl\u00e9dnout starod\u00e1vnou hrobku kr\u00e1le Davida, kter\u00e1 je rovn\u011b\u017e \u010dast\u00fdm poutn\u00edm c\u00edlem.Dal\u0161\u00edm zaj\u00edmav\u00fdm m\u00edstem, kter\u00e9 v\u00a0okol\u00ed Jeruzal\u00e9ma nalezneme, je \u017eidovsk\u00fd h\u0159bitov na Olivov\u00e9 ho\u0159e. N\u00e1zev hory je pojmenov\u00e1n podle olivov\u00fdch h\u00e1j\u016f, kter\u00e9 pokr\u00fdvaj\u00ed jej\u00ed svahy. A pro\u010d toto m\u00edsto rozhodn\u011b stoj\u00ed za nav\u0161t\u00edven\u00ed? Krom\u011b toho, \u017ee se zdenach\u00e1z\u00ed nejstar\u0161\u00ed a nejrozs\u00e1hlej\u0161\u00ed \u017eidovsk\u00fd h\u0159bitov na sv\u011bt\u011b, nab\u00edz\u00ed toto m\u00edsto i n\u00e1dhern\u00fd rozhled na Jeruzal\u00e9m a Getsemanskou zahradu, kde se Je\u017e\u00ed\u0161 zdr\u017eoval p\u0159ed sv\u00fdm zat\u010den\u00edm a uk\u0159i\u017eov\u00e1n\u00edm. Zahrada je ale atraktivn\u00ed i d\u00edky velmi star\u00fdm olivovn\u00edk\u016fm, jejich\u017e v\u011bk se p\u0159ibli\u017en\u011b odhaduje na 1000 a\u017e 2000 let.Pokud se rozhodnete vydat po stop\u00e1ch Je\u017e\u00ed\u0161e Krista a z\u00e1rove\u0148 jste milovn\u00edky p\u0159\u00edrody a zvl\u00e1\u0161t\u011b pak nad\u0161en\u00ed ryb\u00e1\u0159i, bude se v\u00e1m l\u00edbit i Galilejsk\u00e9 jezero obklopen\u00e9 \u00fachvatnou p\u0159\u00edrodou. To je v\u00fdznamn\u00e9 p\u0159edev\u0161\u00edm z historick\u00e9ho a n\u00e1bo\u017eensk\u00e9ho pozad\u00ed. Poj\u00ed se s\u00a0n\u00edm toti\u017e n\u011bkter\u00e9 Je\u017e\u00ed\u0161ovy z\u00e1zraky a p\u0159\u00edb\u011bhy vypr\u00e1v\u011bn\u00e9 v\u00a0Bibli.                                                                                                                                                                                                                                                                                                                                                                                         4.6\/5 - (9 votes)        "},{"@context":"https:\/\/schema.org\/","@type":"BreadcrumbList","itemListElement":[{"@type":"ListItem","position":1,"name":"Za pam\u00e1tkami a z\u00e1\u017eitky do Izraele","item":"https:\/\/www.gestoria.cz\/za-pamatkami-a-zazitky-do-izraele\/#breadcrumbitem"}]}]