[{"@context":"https:\/\/schema.org\/","@type":"Article","@id":"https:\/\/www.gestoria.cz\/proc-si-vybrat-cyklodres-silvini\/#Article","mainEntityOfPage":"https:\/\/www.gestoria.cz\/proc-si-vybrat-cyklodres-silvini\/","headline":"Pro\u010d si vybrat cyklodres Silvini","name":"Pro\u010d si vybrat cyklodres Silvini","description":"Cyklo oble\u010den\u00ed Silvini pat\u0159\u00ed ke speci\u00e1ln\u00edm od\u011bv\u016fm ur\u010den\u00fdm pouze pro tyto sportovn\u00ed \u00fa\u010dely. Koncipuj\u00ed se tak, aby cyklistika p\u0159in\u00e1\u0161ela radost a pot\u011b\u0161en\u00ed, i kdy\u017e se &hellip; ","datePublished":"2023-10-24","dateModified":"2023-10-24","author":{"@type":"Person","@id":"https:\/\/www.gestoria.cz\/author\/#Person","name":"","url":"https:\/\/www.gestoria.cz\/author\/","identifier":1,"image":{"@type":"ImageObject","@id":"https:\/\/secure.gravatar.com\/avatar\/d2f205e1507a0401c7d467d32c87ccece0f63a45b81075bb691dbe8d4c823787?s=96&d=mm&r=g","url":"https:\/\/secure.gravatar.com\/avatar\/d2f205e1507a0401c7d467d32c87ccece0f63a45b81075bb691dbe8d4c823787?s=96&d=mm&r=g","height":96,"width":96}},"publisher":{"@type":"Organization","name":"gestoria.cz","logo":{"@type":"ImageObject","@id":"\/logo.png","url":"\/logo.png","width":600,"height":60}},"image":{"@type":"ImageObject","@id":"https:\/\/www.gestoria.cz\/wp-content\/uploads\/mountain-bikes-1228887_640.jpg","url":"https:\/\/www.gestoria.cz\/wp-content\/uploads\/mountain-bikes-1228887_640.jpg","height":0,"width":0},"url":"https:\/\/www.gestoria.cz\/proc-si-vybrat-cyklodres-silvini\/","about":["Zbo\u017e\u00ed"],"wordCount":401,"articleBody":"      Cyklo oble\u010den\u00ed Silvini pat\u0159\u00ed ke speci\u00e1ln\u00edm od\u011bv\u016fm ur\u010den\u00fdm pouze pro tyto sportovn\u00ed \u00fa\u010dely. Koncipuj\u00ed se tak, aby cyklistika p\u0159in\u00e1\u0161ela radost a pot\u011b\u0161en\u00ed, i kdy\u017e se zrovna nejedn\u00e1 o \u0161pi\u010dkov\u00e9 z\u00e1vodn\u00edky sv\u011btov\u00e9 cyklistick\u00e9 elity. I rekrea\u010dn\u00ed sport m\u00e1 sv\u016fj v\u00fdznam, pokud je prov\u00e1d\u011bn s l\u00e1skou, a s v\u011bdom\u00edm, \u017ee udr\u017eujete perfektn\u00ed fyzickou kondici a \u017eivotn\u00ed vitalitu.Cyklodres Silvini CarnioPrody\u0161nost \u2013 cyklistika je sport velmi n\u00e1ro\u010dn\u00fd na prody\u0161nost cyklodres\u016f. Navl\u00e9knete-li se do hust\u00e9 tkaniny, m\u016f\u017eete se uvnit\u0159 c\u00edtit velice nep\u0159\u00edjemn\u011b, proto\u017ee poko\u017eka p\u0159estane d\u00fdchat a vy se budete tak potit, \u017ee v\u00e1m \u010d\u016frky potu budou st\u00e9kat a\u017e po z\u00e1dech na stehna. A naopak v tenk\u00e9m tri\u010dku sn\u00e1ze prochladnete, tak\u017ee o n\u011bjak\u00e9m komfortu nem\u016f\u017ee b\u00fdt \u0159e\u010d. Podstatn\u00e9 je, aby byl materi\u00e1l maxim\u00e1ln\u011b prody\u0161n\u00fd a z\u00e1rove\u0148 udr\u017eoval stabiln\u00ed t\u011blesnou teplotu bez nebezpe\u010d\u00ed teplotn\u00edch \u0161ok\u016f a dokonce n\u00e1b\u011bhu na \u00fapal.Trojit\u00e9 kapsy \u2013 cyklista se neobejde bez kapes na triku. I kdy\u017e m\u00e1te k dispozici cyklobra\u0161ny, nebudete za j\u00edzdy zastavovat kv\u016fli ka\u017ed\u00e9 prkotin\u011b. Kapsa nap\u0159\u00edklad poslou\u017e\u00ed pro uschov\u00e1n\u00ed kapesn\u00edku a energetick\u00e9ho dopingu v podob\u011b ovocn\u00fdch ty\u010dinek s o\u0159echy a sem\u00ednky. Kapsa poslou\u017e\u00ed i pro odkl\u00e1d\u00e1n\u00ed cyklistick\u00fdch rukavic, kdy\u017e stolujete n\u011bkde v p\u0159\u00edrod\u011b, a m\u016f\u017eete tu m\u00edt uschovan\u00fd i mobiln\u00ed telefon nebo skl\u00e1dac\u00ed pap\u00edrovou mapu a samoz\u0159ejm\u011b pen\u011b\u017eenku.Barva \u2013 zd\u00e1nliv\u011b ned\u016fle\u017eit\u00e1 se m\u016f\u017ee zd\u00e1t barva cyklo oble\u010den\u00ed Silvini. Obl\u00e9knete-li se do tmav\u00e9ho, \u0161ed\u00e9ho \u010di \u010dern\u00e9ho trika, snadno v\u00e1s va\u0161e okol\u00ed, zejm\u00e9na za zata\u017een\u00e9 oblohy, v ter\u00e9nu na silnici p\u0159ehl\u00e9dne. Mnohem lep\u0161\u00ed a bezpe\u010dn\u011bj\u0161\u00ed, i p\u0159es n\u00e1\u0161ivky reflexn\u00edch prvk\u016f, m\u00edt triko v\u00fdrazn\u011b barevn\u00e9, nap\u0159\u00edklad k\u0159iklav\u011b oran\u017eov\u00e9 nebo \u010derven\u00e9. Tyto barvy nep\u0159ehl\u00e9dne t\u00e9m\u011b\u0159 nikdo a sv\u00fdm zp\u016fsobem v ter\u00e9nu nahrazuj\u00ed reflexn\u00ed vesty. A \u010derven\u00e1 s oran\u017eovou jsou barvy vhodn\u00e9 pro mu\u017ee i pro \u017eeny a lze je pova\u017eovat v cyklistice za velmi atraktivn\u00ed.                                                                                                                                                                                                                                                                                                                                                                                          5\/5 - (1 vote)        "},{"@context":"https:\/\/schema.org\/","@type":"BreadcrumbList","itemListElement":[{"@type":"ListItem","position":1,"name":"Pro\u010d si vybrat cyklodres Silvini","item":"https:\/\/www.gestoria.cz\/proc-si-vybrat-cyklodres-silvini\/#breadcrumbitem"}]}]