[{"@context":"https:\/\/schema.org\/","@type":"Article","@id":"https:\/\/www.gestoria.cz\/okna-komplexne\/#Article","mainEntityOfPage":"https:\/\/www.gestoria.cz\/okna-komplexne\/","headline":"Okna komplexn\u011b","name":"Okna komplexn\u011b","description":"Nebr\u00e1n\u00edme se mont\u00e1\u017ei oken z jak\u00fdchkoli materi\u00e1l\u016f. A\u0165 se jedn\u00e1 o plast, d\u0159evo, hlin\u00edk, v\u017edy m\u00e1te mo\u017enost vyu\u017e\u00edt slu\u017eby vysoce profesion\u00e1ln\u00ed firmy, kter\u00e1 si s &hellip; ","datePublished":"2023-12-07","dateModified":"2023-12-07","author":{"@type":"Person","@id":"https:\/\/www.gestoria.cz\/author\/#Person","name":"","url":"https:\/\/www.gestoria.cz\/author\/","identifier":1,"image":{"@type":"ImageObject","@id":"https:\/\/secure.gravatar.com\/avatar\/d2f205e1507a0401c7d467d32c87ccece0f63a45b81075bb691dbe8d4c823787?s=96&d=mm&r=g","url":"https:\/\/secure.gravatar.com\/avatar\/d2f205e1507a0401c7d467d32c87ccece0f63a45b81075bb691dbe8d4c823787?s=96&d=mm&r=g","height":96,"width":96}},"publisher":{"@type":"Organization","name":"gestoria.cz","logo":{"@type":"ImageObject","@id":"\/logo.png","url":"\/logo.png","width":600,"height":60}},"url":"https:\/\/www.gestoria.cz\/okna-komplexne\/","wordCount":225,"articleBody":"Nebr\u00e1n\u00edme se mont\u00e1\u017ei oken z jak\u00fdchkoli materi\u00e1l\u016f. A\u0165 se jedn\u00e1 o plast, d\u0159evo, hlin\u00edk, v\u017edy m\u00e1te mo\u017enost vyu\u017e\u00edt slu\u017eby vysoce profesion\u00e1ln\u00ed firmy, kter\u00e1 si s va\u0161\u00ed prac\u00ed porad\u00ed v kr\u00e1tk\u00e9m term\u00ednu a odborn\u00fdm zp\u016fsobem! Cht\u011bjte od samotn\u00e9 rekonstrukce v\u00edc! V\u017edy\u0165 va\u0161e nov\u00e9 v\u00fdpln\u011b nebyly zrovna levnou z\u00e1le\u017eitost\u00ed a \u0161patnou instalac\u00ed je jejich vysok\u00e1 kvalita vnive\u010d! Pou\u017eijte slu\u017eby profesion\u00e1l\u016f, kte\u0159\u00ed maj\u00ed l\u00e9ta praxe a zku\u0161enost\u00ed v oboru, v\u00ed, jak stavebn\u00ed pr\u00e1ci prov\u00e9st, aby v\u00fdsledek byl stoprocentn\u00ed! Nemus\u00edte m\u00edt strach, co podniknete s nepo\u0159\u00e1dkem, kter\u00fd p\u0159i akce vznikl. Zlikvidujeme ekologick\u00fdm zp\u016fsobem ve\u0161ker\u00fd odpad, zajist\u00edme odvoz p\u0159\u00edpadn\u00e9 suti a star\u00e9ho materi\u00e1lu na m\u00edsta, k tomu ur\u010den\u00e1. Objednali jste si profesion\u00e1ln\u00ed slu\u017ebu, u\u017e\u00edvejte si j\u00ed od za\u010d\u00e1tku a\u017e dokonce! Nikdy nebylo jednodu\u0161\u00ed renovovat, \u010di instalovat ne\u017e te\u010f! Kompletn\u011b, v\u010detn\u011b venkovn\u00edch a vnit\u0159n\u00edch parapet\u016f, obdr\u017e\u00edte hotovou pr\u00e1ci k va\u0161\u00ed pln\u00e9 spokojenosti!Hlavn\u011b ne samiNepou\u0161t\u011bjte se do stavebn\u00edch z\u00e1le\u017eitost\u00ed na vlastn\u00ed p\u011bst! I sebezru\u010dn\u011bj\u0161\u00edmu kutilovi chyb\u00ed pot\u0159ebn\u00e9 vybaven\u00ed a bohat\u00e9 zku\u0161enosti!                                                                                                                                                                                                                                                                                                                                                                                        4\/5 - (8 votes)        "},{"@context":"https:\/\/schema.org\/","@type":"BreadcrumbList","itemListElement":[{"@type":"ListItem","position":1,"name":"Okna komplexn\u011b","item":"https:\/\/www.gestoria.cz\/okna-komplexne\/#breadcrumbitem"}]}]