[{"@context":"https:\/\/schema.org\/","@type":"Article","@id":"https:\/\/www.gestoria.cz\/moda\/#Article","mainEntityOfPage":"https:\/\/www.gestoria.cz\/moda\/","headline":"M\u00f3da","name":"M\u00f3da","description":"Je spousta v\u011bc\u00ed, na kter\u00fdch si nech\u00e1vaj\u00ed z\u00e1le\u017eet nejen \u017eeny, ale i mu\u017ei. Jedna z v\u011bc\u00ed, na kterou byste rozhodn\u011b nem\u011bli zapom\u00ednat, je m\u00f3da. Pro &hellip; ","datePublished":"2020-11-16","dateModified":"2023-05-02","author":{"@type":"Person","@id":"https:\/\/www.gestoria.cz\/author\/#Person","name":"","url":"https:\/\/www.gestoria.cz\/author\/","identifier":1,"image":{"@type":"ImageObject","@id":"https:\/\/secure.gravatar.com\/avatar\/d2f205e1507a0401c7d467d32c87ccece0f63a45b81075bb691dbe8d4c823787?s=96&d=mm&r=g","url":"https:\/\/secure.gravatar.com\/avatar\/d2f205e1507a0401c7d467d32c87ccece0f63a45b81075bb691dbe8d4c823787?s=96&d=mm&r=g","height":96,"width":96}},"publisher":{"@type":"Organization","name":"gestoria.cz","logo":{"@type":"ImageObject","@id":"\/logo.png","url":"\/logo.png","width":600,"height":60}},"image":{"@type":"ImageObject","@id":"https:\/\/www.gestoria.cz\/wp-content\/uploads\/%C5%BEena%20a%20m%C3%B3da.png","url":"https:\/\/www.gestoria.cz\/wp-content\/uploads\/%C5%BEena%20a%20m%C3%B3da.png","height":0,"width":0},"url":"https:\/\/www.gestoria.cz\/moda\/","about":["Byznys"],"wordCount":465,"articleBody":"       Je spousta v\u011bc\u00ed, na kter\u00fdch si nech\u00e1vaj\u00ed z\u00e1le\u017eet nejen \u017eeny, ale i mu\u017ei. Jedna z v\u011bc\u00ed, na kterou byste rozhodn\u011b nem\u011bli zapom\u00ednat, je m\u00f3da.Pro n\u011bkter\u00e9 je v\u00edce ne\u017e d\u016fle\u017eit\u00e9 aby to, co nosili, bylo IN. Ne ka\u017ed\u00fd m\u00e1 ale na n\u011bco takov\u00e9ho stejn\u00fd n\u00e1zor.Jsou mezi n\u00e1mi tac\u00ed, kte\u0159\u00ed tvrd\u00ed, \u017ee \u010dlov\u011bk by m\u011bl nosit zejm\u00e9na to, co se mu l\u00edb\u00ed a co mu slu\u0161\u00ed a rozhodn\u011b by se nem\u011bl pod\u0159izovat m\u00f3dn\u00edm trend\u016fm. Jsou ale mezi n\u00e1mi i tac\u00ed, kte\u0159\u00ed si mysl\u00ed, \u017ee pokud nebudou nosit to, co je IN, nebudou se nikomu l\u00edbit. Pravda je ale mnohdy n\u011bkde jinde.N\u011bkter\u00e9 nejnov\u011bj\u0161\u00ed m\u00f3dn\u00ed kousky nevypadaj\u00ed tak skv\u011ble, jak by se mohlo zd\u00e1t. Samoz\u0159ejm\u011b se m\u016f\u017ee naj\u00edt n\u011bkdo, komu n\u011bco takov\u00e9ho bude v\u00edce ne\u017e slu\u0161et, ale najdou se i tac\u00ed, kte\u0159\u00ed v dan\u00fdch v\u011bcech nebudou vypadat zrovna nejl\u00e9pe. S n\u011b\u010d\u00edm takov\u00fdm by \u010dlov\u011bk m\u011bl po\u010d\u00edtat a to ji\u017e p\u0159edem.My osobn\u011b bychom se p\u0159ikl\u00e1n\u011bli k tomu, aby si ka\u017ed\u00fd nosil to, v \u010dem se c\u00edt\u00ed pohodln\u011b. Pohodl\u00ed je opravdu to nejd\u016fle\u017eit\u011bj\u0161\u00ed.Mnohdy pr\u00e1v\u011b \u010dlov\u011bk ve v\u011bcech, kter\u00e9 m\u00e1 nejrad\u011bji, vypad\u00e1 nejl\u00e9pe. Skute\u010dn\u011b na tom n\u011bco je.Ur\u010dit\u011b nem\u00e1 smysl tla\u010dit se do m\u00f3dn\u00edch trend\u016f, kter\u00e9 se v\u00e1m ji\u017e od pohledu nel\u00edb\u00ed. Mo\u017en\u00e1, \u017ee i vy jste si v\u0161imli toho, \u017ee se v posledn\u00ed dob\u011b do obchod\u016f za\u010d\u00edn\u00e1 dost\u00e1vat to, co bylo d\u0159\u00edve velice m\u00f3dn\u00ed. Ne v\u0161em se ale n\u011bco takov\u00e9ho m\u016f\u017ee l\u00edbit.Jist\u011b byste na\u0161li takov\u00e9, kte\u0159\u00ed jsou pevn\u011b rozhodnut\u00ed, \u017ee takov\u00fdm zvonov\u00fdm kalhot\u00e1m opravdu nedaj\u00ed \u0161anci. Ne ka\u017ed\u00e9mu se skute\u010dn\u011b n\u011bco takov\u00e9ho l\u00edb\u00ed. Jist\u011b by se ale mezi n\u00e1mi na\u0161li i tac\u00ed, kte\u0159\u00ed d\u0159\u00edve n\u011bco takov\u00e9ho nosili a jsou v\u00edce ne\u017e r\u00e1di za to, \u017ee maj\u00ed mo\u017enost v dne\u0161n\u00ed dob\u011b n\u011bco takov\u00e9ho op\u011bt nosit a to bez toho, ani\u017e by se na n\u011b n\u011bkdo d\u00edval p\u0159es prsty.V\u0161e je to zejm\u00e9na o tom, co se ka\u017ed\u00e9mu z n\u00e1s l\u00edb\u00ed.Nebojte se nosit to, o \u010dem si mysl\u00edte, \u017ee v\u00e1m slu\u0161\u00ed a maxim\u00e1ln\u011b v\u00e1m vyhovuje. I vy se m\u016f\u017eete c\u00edtit pohodln\u011b. Sta\u010d\u00ed jen nebrat ohledy na to, co si druz\u00ed mysl\u00ed.                                                                                                                                                                                                                                                                                                                                                                                          4.6\/5 - (9 votes)        "},{"@context":"https:\/\/schema.org\/","@type":"BreadcrumbList","itemListElement":[{"@type":"ListItem","position":1,"name":"M\u00f3da","item":"https:\/\/www.gestoria.cz\/moda\/#breadcrumbitem"}]}]