[{"@context":"https:\/\/schema.org\/","@type":"Article","@id":"https:\/\/www.gestoria.cz\/kdyz-se-zriti-leseni\/#Article","mainEntityOfPage":"https:\/\/www.gestoria.cz\/kdyz-se-zriti-leseni\/","headline":"Kdy\u017e se z\u0159\u00edt\u00ed le\u0161en\u00ed","name":"Kdy\u017e se z\u0159\u00edt\u00ed le\u0161en\u00ed","description":"Chyst\u00e1te se k pron\u00e1jmu stavebn\u00edho le\u0161en\u00ed v p\u016fj\u010dovn\u011b le\u0161en\u00ed v Brand\u00fdse nad Labem? A chcete si jej postavit sami? Pak to pe\u010dliv\u011b zva\u017ete, proto\u017ee stavba &hellip; ","datePublished":"2024-11-20","dateModified":"2024-11-20","author":{"@type":"Person","@id":"https:\/\/www.gestoria.cz\/author\/#Person","name":"","url":"https:\/\/www.gestoria.cz\/author\/","identifier":1,"image":{"@type":"ImageObject","@id":"https:\/\/secure.gravatar.com\/avatar\/d2f205e1507a0401c7d467d32c87ccece0f63a45b81075bb691dbe8d4c823787?s=96&d=mm&r=g","url":"https:\/\/secure.gravatar.com\/avatar\/d2f205e1507a0401c7d467d32c87ccece0f63a45b81075bb691dbe8d4c823787?s=96&d=mm&r=g","height":96,"width":96}},"publisher":{"@type":"Organization","name":"gestoria.cz","logo":{"@type":"ImageObject","@id":"\/logo.png","url":"\/logo.png","width":600,"height":60}},"image":{"@type":"ImageObject","@id":"https:\/\/www.gestoria.cz\/wp-content\/uploads\/scaffold-14253_640_6.jpg","url":"https:\/\/www.gestoria.cz\/wp-content\/uploads\/scaffold-14253_640_6.jpg","height":0,"width":0},"url":"https:\/\/www.gestoria.cz\/kdyz-se-zriti-leseni\/","about":["Byznys"],"wordCount":438,"articleBody":"   Chyst\u00e1te se k pron\u00e1jmu stavebn\u00edho le\u0161en\u00ed v p\u016fj\u010dovn\u011b le\u0161en\u00ed v Brand\u00fdse nad Labem? A chcete si jej postavit sami? Pak to pe\u010dliv\u011b zva\u017ete, proto\u017ee stavba le\u0161en\u00ed m\u016f\u017ee p\u0159in\u00e1\u0161et jist\u00e1 \u00faskal\u00ed. Kdy\u017e se le\u0161en\u00ed z\u0159\u00edt\u00ed \u2013 le\u0161en\u00ed je ocelov\u00e1 konstrukce slo\u017een\u00e1 p\u0159ev\u00e1\u017en\u011b z trubek. Je pom\u011brn\u011b vysok\u00e1 a \u00fazk\u00e1, pokud pomineme pouze n\u00edzk\u00e9 jednopatrov\u00e9 stavby. P\u0159edstavte si, \u017ee postav\u00edte le\u0161en\u00ed p\u0159ed sedmipatrov\u00fdm panel\u00e1kem, tak\u017ee bude m\u00edt rozm\u011bry zhruba p\u016fl druh\u00e9ho metru na \u0161\u00ed\u0159ku, dvacet metr\u016f na d\u00e9lku a dvacet metr\u016f na v\u00fd\u0161ku. Je to podobn\u00e9, jako kdy\u017e postav\u00edte krabi\u010dku z\u00e1palek na st\u016fl na jej\u00ed \u00fazkou stranu na v\u00fd\u0161ku. Kdy\u017e na tu krabi\u010dku jemn\u011b zafouk\u00e1te, za\u010dne se kym\u00e1cet, a\u017e se na st\u016fl polo\u017e\u00ed. A kdy\u017e za\u010dne dout siln\u011bj\u0161\u00ed v\u00edtr na le\u0161en\u00ed p\u0159ed domem, m\u016f\u017ee nezaji\u0161t\u011bn\u00e9 a \u0161patn\u011b postaven\u00e9 le\u0161en\u00ed podobn\u00fdm zp\u016fsobem rozk\u00fdvat, a\u017e se z\u0159\u00edt\u00ed. Toto se u\u017e stalo, v Praze se le\u0161en\u00ed skute\u010dn\u011b z\u0159\u00edtilo, na\u0161t\u011bst\u00ed se to obe\u0161lo bez \u00farazu a ob\u011bt\u00ed na \u017eivotech d\u00edky duchap\u0159\u00edtomnosti p\u0159\u00edtomn\u00e9ho \u010dlov\u011bka, kter\u00fd informoval policii, a ta celou ulici uzav\u0159ela. Z\u0159ejm\u011b zde do\u0161lo k tomu, \u017ee pracovn\u00edci zapomn\u011bli nebo zcela z\u00e1m\u011brn\u011b vypustili kotven\u00ed do zdiva. Le\u0161en\u00ed se mus\u00ed na ka\u017ed\u00e9m pat\u0159e ukotvit do zdi domu, aby se zabr\u00e1nilo jeho rozk\u00fdv\u00e1n\u00ed, je to zkr\u00e1tka nestabiln\u00ed konstrukce postaven\u00e1 na \u00fazk\u00e9m p\u016fdorysu a d\u00edky sv\u00e9 v\u00fd\u0161ce n\u011bkdy sta\u010d\u00ed siln\u011bj\u0161\u00ed poryvy v\u011btru nebo pohyb osob na le\u0161en\u00ed, co\u017e konstrukci m\u016f\u017ee rozkmitat.Dal\u0161\u00edm d\u016fvodem, pro\u010d si nechat le\u0161en\u00ed postavit, je nebezpe\u010d\u00ed p\u00e1du osob z le\u0161en\u00ed p\u0159i jeho stav\u011bn\u00ed. M\u016f\u017ee k tomu doj\u00edt ve chv\u00edli, kdy se pracovn\u00edk sna\u017e\u00ed vkl\u00e1dat do p\u0159edn\u00ed \u010d\u00e1sti op\u011brn\u00e9 z\u00e1bradl\u00ed, a stoj\u00ed p\u0159i tom na horn\u00ed desce, zcela z\u00e1bradl\u00edm nezaji\u0161t\u011bn\u00e9. V t\u00e9to chv\u00edli je velmi zraniteln\u00fd a u vy\u0161\u0161\u00edch pater m\u00edv\u00e1 p\u00e1d z le\u0161en\u00ed smrteln\u00e9 n\u00e1sledky. K p\u00e1d\u016fm osob z le\u0161en\u00ed bohu\u017eel doch\u00e1z\u00ed docela \u010dasto, p\u0159esv\u011bd\u010d\u00edte se o tom na Internetu v n\u011bkter\u00fdch zde uve\u0159ejn\u011bn\u00fdch \u010dl\u00e1nc\u00edch.                                                                                                                                                                                                                                                                                                                                                                                           4.5\/5 - (12 votes)        "},{"@context":"https:\/\/schema.org\/","@type":"BreadcrumbList","itemListElement":[{"@type":"ListItem","position":1,"name":"Kdy\u017e se z\u0159\u00edt\u00ed le\u0161en\u00ed","item":"https:\/\/www.gestoria.cz\/kdyz-se-zriti-leseni\/#breadcrumbitem"}]}]