{"@context":"https:\/\/schema.org\/","@type":"CollectionPage","@id":"https:\/\/www.gestoria.cz\/ekonomika\/#CollectionPage","headline":"Ekonomika Category","description":"","url":"https:\/\/www.gestoria.cz\/ekonomika\/","hasPart":[{"@type":"Article","@id":"https:\/\/www.gestoria.cz\/co-kdyz-firma-prodelava\/","headline":"Co kdy\u017e firma prod\u011bl\u00e1v\u00e1?","url":"https:\/\/www.gestoria.cz\/co-kdyz-firma-prodelava\/","datePublished":"2025-11-04","dateModified":"2025-11-04","mainEntityOfPage":"https:\/\/www.gestoria.cz\/co-kdyz-firma-prodelava\/","author":{"@type":"Person","@id":"https:\/\/www.gestoria.cz\/author\/#Person","name":"","url":"https:\/\/www.gestoria.cz\/author\/","identifier":1,"image":{"@type":"ImageObject","@id":"https:\/\/secure.gravatar.com\/avatar\/d2f205e1507a0401c7d467d32c87ccece0f63a45b81075bb691dbe8d4c823787?s=96&d=mm&r=g","url":"https:\/\/secure.gravatar.com\/avatar\/d2f205e1507a0401c7d467d32c87ccece0f63a45b81075bb691dbe8d4c823787?s=96&d=mm&r=g","height":96,"width":96}},"publisher":{"@type":"Organization","name":"gestoria.cz","logo":{"@type":"ImageObject","@id":"\/logo.png","url":"\/logo.png","width":600,"height":60}},"image":{"@type":"ImageObject","@id":"https:\/\/www.gestoria.cz\/wp-content\/uploads\/ppppppppppppppppppppppppppppppppppppppppppppppppp_10_9.jpg","url":"https:\/\/www.gestoria.cz\/wp-content\/uploads\/ppppppppppppppppppppppppppppppppppppppppppppppppp_10_9.jpg","height":0,"width":0},"keywords":null},{"@type":"Article","@id":"https:\/\/www.gestoria.cz\/kde-sehnat-penize\/","headline":"Kde sehnat pen\u00edze?","url":"https:\/\/www.gestoria.cz\/kde-sehnat-penize\/","datePublished":"2025-01-18","dateModified":"2025-01-18","mainEntityOfPage":"https:\/\/www.gestoria.cz\/kde-sehnat-penize\/","author":{"@type":"Person","@id":"https:\/\/www.gestoria.cz\/author\/#Person","name":"","url":"https:\/\/www.gestoria.cz\/author\/","identifier":1,"image":{"@type":"ImageObject","@id":"https:\/\/secure.gravatar.com\/avatar\/d2f205e1507a0401c7d467d32c87ccece0f63a45b81075bb691dbe8d4c823787?s=96&d=mm&r=g","url":"https:\/\/secure.gravatar.com\/avatar\/d2f205e1507a0401c7d467d32c87ccece0f63a45b81075bb691dbe8d4c823787?s=96&d=mm&r=g","height":96,"width":96}},"publisher":{"@type":"Organization","name":"gestoria.cz","logo":{"@type":"ImageObject","@id":"\/logo.png","url":"\/logo.png","width":600,"height":60}},"image":{"@type":"ImageObject","@id":"https:\/\/www.gestoria.cz\/wp-content\/uploads\/ppppppppppppppppppppppppppppppppp_10_4.jpg","url":"https:\/\/www.gestoria.cz\/wp-content\/uploads\/ppppppppppppppppppppppppppppppppp_10_4.jpg","height":0,"width":0},"keywords":null},{"@type":"Article","@id":"https:\/\/www.gestoria.cz\/vy-a-hypoteka\/","headline":"Vy a hypot\u00e9ka","url":"https:\/\/www.gestoria.cz\/vy-a-hypoteka\/","datePublished":"2024-12-23","dateModified":"2024-12-23","mainEntityOfPage":"https:\/\/www.gestoria.cz\/vy-a-hypoteka\/","author":{"@type":"Person","@id":"https:\/\/www.gestoria.cz\/author\/#Person","name":"","url":"https:\/\/www.gestoria.cz\/author\/","identifier":1,"image":{"@type":"ImageObject","@id":"https:\/\/secure.gravatar.com\/avatar\/d2f205e1507a0401c7d467d32c87ccece0f63a45b81075bb691dbe8d4c823787?s=96&d=mm&r=g","url":"https:\/\/secure.gravatar.com\/avatar\/d2f205e1507a0401c7d467d32c87ccece0f63a45b81075bb691dbe8d4c823787?s=96&d=mm&r=g","height":96,"width":96}},"publisher":{"@type":"Organization","name":"gestoria.cz","logo":{"@type":"ImageObject","@id":"\/logo.png","url":"\/logo.png","width":600,"height":60}},"image":{"@type":"ImageObject","@id":"https:\/\/www.gestoria.cz\/wp-content\/uploads\/house-3591631_640_2.jpg","url":"https:\/\/www.gestoria.cz\/wp-content\/uploads\/house-3591631_640_2.jpg","height":0,"width":0},"keywords":null},{"@type":"Article","@id":"https:\/\/www.gestoria.cz\/nekdy-jsme-na-tom-financne-spatne\/","headline":"N\u011bkdy jsme na tom finan\u010dn\u011b \u0161patn\u011b","url":"https:\/\/www.gestoria.cz\/nekdy-jsme-na-tom-financne-spatne\/","datePublished":"2024-11-09","dateModified":"2024-11-09","mainEntityOfPage":"https:\/\/www.gestoria.cz\/nekdy-jsme-na-tom-financne-spatne\/","author":{"@type":"Person","@id":"https:\/\/www.gestoria.cz\/author\/#Person","name":"","url":"https:\/\/www.gestoria.cz\/author\/","identifier":1,"image":{"@type":"ImageObject","@id":"https:\/\/secure.gravatar.com\/avatar\/d2f205e1507a0401c7d467d32c87ccece0f63a45b81075bb691dbe8d4c823787?s=96&d=mm&r=g","url":"https:\/\/secure.gravatar.com\/avatar\/d2f205e1507a0401c7d467d32c87ccece0f63a45b81075bb691dbe8d4c823787?s=96&d=mm&r=g","height":96,"width":96}},"publisher":{"@type":"Organization","name":"gestoria.cz","logo":{"@type":"ImageObject","@id":"\/logo.png","url":"\/logo.png","width":600,"height":60}},"image":{"@type":"ImageObject","@id":"https:\/\/www.gestoria.cz\/wp-content\/uploads\/ppppppppppppppppppppppppppppp_10_3.jpg","url":"https:\/\/www.gestoria.cz\/wp-content\/uploads\/ppppppppppppppppppppppppppppp_10_3.jpg","height":0,"width":0},"keywords":null},{"@type":"Article","@id":"https:\/\/www.gestoria.cz\/mobilni-domy-jsou-velmi-vyhodne\/","headline":"Mobiln\u00ed domy jsou velmi v\u00fdhodn\u00e9","url":"https:\/\/www.gestoria.cz\/mobilni-domy-jsou-velmi-vyhodne\/","datePublished":"2022-07-15","dateModified":"2023-05-02","mainEntityOfPage":"https:\/\/www.gestoria.cz\/mobilni-domy-jsou-velmi-vyhodne\/","author":{"@type":"Person","@id":"https:\/\/www.gestoria.cz\/author\/#Person","name":"","url":"https:\/\/www.gestoria.cz\/author\/","identifier":1,"image":{"@type":"ImageObject","@id":"https:\/\/secure.gravatar.com\/avatar\/d2f205e1507a0401c7d467d32c87ccece0f63a45b81075bb691dbe8d4c823787?s=96&d=mm&r=g","url":"https:\/\/secure.gravatar.com\/avatar\/d2f205e1507a0401c7d467d32c87ccece0f63a45b81075bb691dbe8d4c823787?s=96&d=mm&r=g","height":96,"width":96}},"publisher":{"@type":"Organization","name":"gestoria.cz","logo":{"@type":"ImageObject","@id":"\/logo.png","url":"\/logo.png","width":600,"height":60}},"image":{"@type":"ImageObject","@id":"https:\/\/www.gestoria.cz\/wp-content\/uploads\/ok%C3%A9nko.JPG","url":"https:\/\/www.gestoria.cz\/wp-content\/uploads\/ok%C3%A9nko.JPG","height":0,"width":0},"keywords":null},{"@type":"Article","@id":"https:\/\/www.gestoria.cz\/pujcka-zapujcka-jaky-je-v-tom-rozdil\/","headline":"P\u016fj\u010dka z\u00e1p\u016fj\u010dka &#8211; jak\u00fd je v tom rozd\u00edl?","url":"https:\/\/www.gestoria.cz\/pujcka-zapujcka-jaky-je-v-tom-rozdil\/","datePublished":"2021-10-20","dateModified":"2023-05-02","mainEntityOfPage":"https:\/\/www.gestoria.cz\/pujcka-zapujcka-jaky-je-v-tom-rozdil\/","author":{"@type":"Person","@id":"https:\/\/www.gestoria.cz\/author\/#Person","name":"","url":"https:\/\/www.gestoria.cz\/author\/","identifier":1,"image":{"@type":"ImageObject","@id":"https:\/\/secure.gravatar.com\/avatar\/d2f205e1507a0401c7d467d32c87ccece0f63a45b81075bb691dbe8d4c823787?s=96&d=mm&r=g","url":"https:\/\/secure.gravatar.com\/avatar\/d2f205e1507a0401c7d467d32c87ccece0f63a45b81075bb691dbe8d4c823787?s=96&d=mm&r=g","height":96,"width":96}},"publisher":{"@type":"Organization","name":"gestoria.cz","logo":{"@type":"ImageObject","@id":"\/logo.png","url":"\/logo.png","width":600,"height":60}},"image":{"@type":"ImageObject","@id":"https:\/\/www.gestoria.cz\/wp-content\/uploads\/hypoteka1_10_10_10_10_1.jpg","url":"https:\/\/www.gestoria.cz\/wp-content\/uploads\/hypoteka1_10_10_10_10_1.jpg","height":0,"width":0},"keywords":null},{"@type":"Article","@id":"https:\/\/www.gestoria.cz\/zaslouzi-si-stat-nase-penize\/","headline":"Zaslou\u017e\u00ed si st\u00e1t na\u0161e pen\u00edze?","url":"https:\/\/www.gestoria.cz\/zaslouzi-si-stat-nase-penize\/","datePublished":"2021-10-20","dateModified":"2023-05-02","mainEntityOfPage":"https:\/\/www.gestoria.cz\/zaslouzi-si-stat-nase-penize\/","author":{"@type":"Person","@id":"https:\/\/www.gestoria.cz\/author\/#Person","name":"","url":"https:\/\/www.gestoria.cz\/author\/","identifier":1,"image":{"@type":"ImageObject","@id":"https:\/\/secure.gravatar.com\/avatar\/d2f205e1507a0401c7d467d32c87ccece0f63a45b81075bb691dbe8d4c823787?s=96&d=mm&r=g","url":"https:\/\/secure.gravatar.com\/avatar\/d2f205e1507a0401c7d467d32c87ccece0f63a45b81075bb691dbe8d4c823787?s=96&d=mm&r=g","height":96,"width":96}},"publisher":{"@type":"Organization","name":"gestoria.cz","logo":{"@type":"ImageObject","@id":"\/logo.png","url":"\/logo.png","width":600,"height":60}},"image":{"@type":"ImageObject","@id":"https:\/\/www.gestoria.cz\/wp-content\/uploads\/rubly%20mince_3.jpg","url":"https:\/\/www.gestoria.cz\/wp-content\/uploads\/rubly%20mince_3.jpg","height":0,"width":0},"keywords":null},{"@type":"Article","@id":"https:\/\/www.gestoria.cz\/kdyz-je-hluboko-do-kapsy\/","headline":"Kdy\u017e je hluboko do kapsy","url":"https:\/\/www.gestoria.cz\/kdyz-je-hluboko-do-kapsy\/","datePublished":"2021-09-25","dateModified":"2023-05-02","mainEntityOfPage":"https:\/\/www.gestoria.cz\/kdyz-je-hluboko-do-kapsy\/","author":{"@type":"Person","@id":"https:\/\/www.gestoria.cz\/author\/#Person","name":"","url":"https:\/\/www.gestoria.cz\/author\/","identifier":1,"image":{"@type":"ImageObject","@id":"https:\/\/secure.gravatar.com\/avatar\/d2f205e1507a0401c7d467d32c87ccece0f63a45b81075bb691dbe8d4c823787?s=96&d=mm&r=g","url":"https:\/\/secure.gravatar.com\/avatar\/d2f205e1507a0401c7d467d32c87ccece0f63a45b81075bb691dbe8d4c823787?s=96&d=mm&r=g","height":96,"width":96}},"publisher":{"@type":"Organization","name":"gestoria.cz","logo":{"@type":"ImageObject","@id":"\/logo.png","url":"\/logo.png","width":600,"height":60}},"image":{"@type":"ImageObject","@id":"https:\/\/www.gestoria.cz\/wp-content\/uploads\/ciz%C3%AD%20mince_10_9.jpg","url":"https:\/\/www.gestoria.cz\/wp-content\/uploads\/ciz%C3%AD%20mince_10_9.jpg","height":0,"width":0},"keywords":null},{"@type":"Article","@id":"https:\/\/www.gestoria.cz\/potrebujete-pujcit\/","headline":"Pot\u0159ebujete p\u016fj\u010dit?","url":"https:\/\/www.gestoria.cz\/potrebujete-pujcit\/","datePublished":"2020-09-21","dateModified":"2023-05-02","mainEntityOfPage":"https:\/\/www.gestoria.cz\/potrebujete-pujcit\/","author":{"@type":"Person","@id":"https:\/\/www.gestoria.cz\/author\/#Person","name":"","url":"https:\/\/www.gestoria.cz\/author\/","identifier":1,"image":{"@type":"ImageObject","@id":"https:\/\/secure.gravatar.com\/avatar\/d2f205e1507a0401c7d467d32c87ccece0f63a45b81075bb691dbe8d4c823787?s=96&d=mm&r=g","url":"https:\/\/secure.gravatar.com\/avatar\/d2f205e1507a0401c7d467d32c87ccece0f63a45b81075bb691dbe8d4c823787?s=96&d=mm&r=g","height":96,"width":96}},"publisher":{"@type":"Organization","name":"gestoria.cz","logo":{"@type":"ImageObject","@id":"\/logo.png","url":"\/logo.png","width":600,"height":60}},"image":{"@type":"ImageObject","@id":"https:\/\/www.gestoria.cz\/wp-content\/uploads\/p%C3%A1r%20bankovek.jpg","url":"https:\/\/www.gestoria.cz\/wp-content\/uploads\/p%C3%A1r%20bankovek.jpg","height":0,"width":0},"keywords":null},{"@type":"Article","@id":"https:\/\/www.gestoria.cz\/o-cem-bude-rec\/","headline":"O \u010dem bude \u0159e\u010d?","url":"https:\/\/www.gestoria.cz\/o-cem-bude-rec\/","datePublished":"2020-04-19","dateModified":"2023-05-02","mainEntityOfPage":"https:\/\/www.gestoria.cz\/o-cem-bude-rec\/","author":{"@type":"Person","@id":"https:\/\/www.gestoria.cz\/author\/#Person","name":"","url":"https:\/\/www.gestoria.cz\/author\/","identifier":1,"image":{"@type":"ImageObject","@id":"https:\/\/secure.gravatar.com\/avatar\/d2f205e1507a0401c7d467d32c87ccece0f63a45b81075bb691dbe8d4c823787?s=96&d=mm&r=g","url":"https:\/\/secure.gravatar.com\/avatar\/d2f205e1507a0401c7d467d32c87ccece0f63a45b81075bb691dbe8d4c823787?s=96&d=mm&r=g","height":96,"width":96}},"publisher":{"@type":"Organization","name":"gestoria.cz","logo":{"@type":"ImageObject","@id":"\/logo.png","url":"\/logo.png","width":600,"height":60}},"image":{"@type":"ImageObject","@id":"https:\/\/www.gestoria.cz\/wp-content\/uploads\/zbavte%20se%20probl%C3%A9m%C5%AF.png","url":"https:\/\/www.gestoria.cz\/wp-content\/uploads\/zbavte%20se%20probl%C3%A9m%C5%AF.png","height":0,"width":0},"keywords":null}]}