{"@context":"https:\/\/schema.org\/","@type":"CollectionPage","@id":"https:\/\/www.gestoria.cz\/byznys\/#CollectionPage","headline":"Byznys Category","description":"","url":"https:\/\/www.gestoria.cz\/byznys\/","hasPart":[{"@type":"Article","@id":"https:\/\/www.gestoria.cz\/nepodcenujte-stehovani\/","headline":"Nepodce\u0148ujte st\u011bhov\u00e1n\u00ed","url":"https:\/\/www.gestoria.cz\/nepodcenujte-stehovani\/","datePublished":"2026-01-15","dateModified":"2026-01-15","mainEntityOfPage":"https:\/\/www.gestoria.cz\/nepodcenujte-stehovani\/","author":{"@type":"Person","@id":"https:\/\/www.gestoria.cz\/author\/#Person","name":"","url":"https:\/\/www.gestoria.cz\/author\/","identifier":1,"image":{"@type":"ImageObject","@id":"https:\/\/secure.gravatar.com\/avatar\/d2f205e1507a0401c7d467d32c87ccece0f63a45b81075bb691dbe8d4c823787?s=96&d=mm&r=g","url":"https:\/\/secure.gravatar.com\/avatar\/d2f205e1507a0401c7d467d32c87ccece0f63a45b81075bb691dbe8d4c823787?s=96&d=mm&r=g","height":96,"width":96}},"publisher":{"@type":"Organization","name":"gestoria.cz","logo":{"@type":"ImageObject","@id":"\/logo.png","url":"\/logo.png","width":600,"height":60}},"image":{"@type":"ImageObject","@id":"https:\/\/www.gestoria.cz\/wp-content\/uploads\/SSSSSSSSSSSS_1.jpg","url":"https:\/\/www.gestoria.cz\/wp-content\/uploads\/SSSSSSSSSSSS_1.jpg","height":0,"width":0},"keywords":null},{"@type":"Article","@id":"https:\/\/www.gestoria.cz\/vesela-akita-inu\/","headline":"Vesel\u00e1 akita inu","url":"https:\/\/www.gestoria.cz\/vesela-akita-inu\/","datePublished":"2025-12-27","dateModified":"2025-12-27","mainEntityOfPage":"https:\/\/www.gestoria.cz\/vesela-akita-inu\/","author":{"@type":"Person","@id":"https:\/\/www.gestoria.cz\/author\/#Person","name":"","url":"https:\/\/www.gestoria.cz\/author\/","identifier":1,"image":{"@type":"ImageObject","@id":"https:\/\/secure.gravatar.com\/avatar\/d2f205e1507a0401c7d467d32c87ccece0f63a45b81075bb691dbe8d4c823787?s=96&d=mm&r=g","url":"https:\/\/secure.gravatar.com\/avatar\/d2f205e1507a0401c7d467d32c87ccece0f63a45b81075bb691dbe8d4c823787?s=96&d=mm&r=g","height":96,"width":96}},"publisher":{"@type":"Organization","name":"gestoria.cz","logo":{"@type":"ImageObject","@id":"\/logo.png","url":"\/logo.png","width":600,"height":60}},"image":{"@type":"ImageObject","@id":"https:\/\/www.gestoria.cz\/wp-content\/uploads\/labrador-445232_640_1.jpg","url":"https:\/\/www.gestoria.cz\/wp-content\/uploads\/labrador-445232_640_1.jpg","height":0,"width":0},"keywords":null},{"@type":"Article","@id":"https:\/\/www.gestoria.cz\/kdyz-zahranicni-stehovani-provazi-tropy\/","headline":"Kdy\u017e zahrani\u010dn\u00ed st\u011bhov\u00e1n\u00ed prov\u00e1z\u00ed tropy","url":"https:\/\/www.gestoria.cz\/kdyz-zahranicni-stehovani-provazi-tropy\/","datePublished":"2025-10-05","dateModified":"2025-10-05","mainEntityOfPage":"https:\/\/www.gestoria.cz\/kdyz-zahranicni-stehovani-provazi-tropy\/","author":{"@type":"Person","@id":"https:\/\/www.gestoria.cz\/author\/#Person","name":"","url":"https:\/\/www.gestoria.cz\/author\/","identifier":1,"image":{"@type":"ImageObject","@id":"https:\/\/secure.gravatar.com\/avatar\/d2f205e1507a0401c7d467d32c87ccece0f63a45b81075bb691dbe8d4c823787?s=96&d=mm&r=g","url":"https:\/\/secure.gravatar.com\/avatar\/d2f205e1507a0401c7d467d32c87ccece0f63a45b81075bb691dbe8d4c823787?s=96&d=mm&r=g","height":96,"width":96}},"publisher":{"@type":"Organization","name":"gestoria.cz","logo":{"@type":"ImageObject","@id":"\/logo.png","url":"\/logo.png","width":600,"height":60}},"image":{"@type":"ImageObject","@id":"https:\/\/www.gestoria.cz\/wp-content\/uploads\/cat-5453535_640_10_1.jpg","url":"https:\/\/www.gestoria.cz\/wp-content\/uploads\/cat-5453535_640_10_1.jpg","height":0,"width":0},"keywords":null},{"@type":"Article","@id":"https:\/\/www.gestoria.cz\/zkuste-take-zakladni-vycvik\/","headline":"Zkuste tak\u00e9 z\u00e1kladn\u00ed v\u00fdcvik","url":"https:\/\/www.gestoria.cz\/zkuste-take-zakladni-vycvik\/","datePublished":"2025-07-25","dateModified":"2025-07-25","mainEntityOfPage":"https:\/\/www.gestoria.cz\/zkuste-take-zakladni-vycvik\/","author":{"@type":"Person","@id":"https:\/\/www.gestoria.cz\/author\/#Person","name":"","url":"https:\/\/www.gestoria.cz\/author\/","identifier":1,"image":{"@type":"ImageObject","@id":"https:\/\/secure.gravatar.com\/avatar\/d2f205e1507a0401c7d467d32c87ccece0f63a45b81075bb691dbe8d4c823787?s=96&d=mm&r=g","url":"https:\/\/secure.gravatar.com\/avatar\/d2f205e1507a0401c7d467d32c87ccece0f63a45b81075bb691dbe8d4c823787?s=96&d=mm&r=g","height":96,"width":96}},"publisher":{"@type":"Organization","name":"gestoria.cz","logo":{"@type":"ImageObject","@id":"\/logo.png","url":"\/logo.png","width":600,"height":60}},"image":{"@type":"ImageObject","@id":"https:\/\/www.gestoria.cz\/wp-content\/uploads\/tandem-jump-5276231_640_9.jpg","url":"https:\/\/www.gestoria.cz\/wp-content\/uploads\/tandem-jump-5276231_640_9.jpg","height":0,"width":0},"keywords":null},{"@type":"Article","@id":"https:\/\/www.gestoria.cz\/na-skoliozu-pusobi-zazracne\/","headline":"Na skoli\u00f3zu p\u016fsob\u00ed z\u00e1zra\u010dn\u011b","url":"https:\/\/www.gestoria.cz\/na-skoliozu-pusobi-zazracne\/","datePublished":"2025-06-07","dateModified":"2025-06-07","mainEntityOfPage":"https:\/\/www.gestoria.cz\/na-skoliozu-pusobi-zazracne\/","author":{"@type":"Person","@id":"https:\/\/www.gestoria.cz\/author\/#Person","name":"","url":"https:\/\/www.gestoria.cz\/author\/","identifier":1,"image":{"@type":"ImageObject","@id":"https:\/\/secure.gravatar.com\/avatar\/d2f205e1507a0401c7d467d32c87ccece0f63a45b81075bb691dbe8d4c823787?s=96&d=mm&r=g","url":"https:\/\/secure.gravatar.com\/avatar\/d2f205e1507a0401c7d467d32c87ccece0f63a45b81075bb691dbe8d4c823787?s=96&d=mm&r=g","height":96,"width":96}},"publisher":{"@type":"Organization","name":"gestoria.cz","logo":{"@type":"ImageObject","@id":"\/logo.png","url":"\/logo.png","width":600,"height":60}},"image":{"@type":"ImageObject","@id":"https:\/\/www.gestoria.cz\/wp-content\/uploads\/back-4916984_640(1).jpg","url":"https:\/\/www.gestoria.cz\/wp-content\/uploads\/back-4916984_640(1).jpg","height":0,"width":0},"keywords":null},{"@type":"Article","@id":"https:\/\/www.gestoria.cz\/tipy-na-vylet-s-vozem-z-prazske-autopujcovny\/","headline":"Tipy na v\u00fdlet s vozem z pra\u017esk\u00e9 autop\u016fj\u010dovny","url":"https:\/\/www.gestoria.cz\/tipy-na-vylet-s-vozem-z-prazske-autopujcovny\/","datePublished":"2024-12-10","dateModified":"2024-12-10","mainEntityOfPage":"https:\/\/www.gestoria.cz\/tipy-na-vylet-s-vozem-z-prazske-autopujcovny\/","author":{"@type":"Person","@id":"https:\/\/www.gestoria.cz\/author\/#Person","name":"","url":"https:\/\/www.gestoria.cz\/author\/","identifier":1,"image":{"@type":"ImageObject","@id":"https:\/\/secure.gravatar.com\/avatar\/d2f205e1507a0401c7d467d32c87ccece0f63a45b81075bb691dbe8d4c823787?s=96&d=mm&r=g","url":"https:\/\/secure.gravatar.com\/avatar\/d2f205e1507a0401c7d467d32c87ccece0f63a45b81075bb691dbe8d4c823787?s=96&d=mm&r=g","height":96,"width":96}},"publisher":{"@type":"Organization","name":"gestoria.cz","logo":{"@type":"ImageObject","@id":"\/logo.png","url":"\/logo.png","width":600,"height":60}},"image":{"@type":"ImageObject","@id":"https:\/\/www.gestoria.cz\/wp-content\/uploads\/trebon-7221241_640.jpg","url":"https:\/\/www.gestoria.cz\/wp-content\/uploads\/trebon-7221241_640.jpg","height":0,"width":0},"keywords":null},{"@type":"Article","@id":"https:\/\/www.gestoria.cz\/kdyz-se-zriti-leseni\/","headline":"Kdy\u017e se z\u0159\u00edt\u00ed le\u0161en\u00ed","url":"https:\/\/www.gestoria.cz\/kdyz-se-zriti-leseni\/","datePublished":"2024-11-20","dateModified":"2024-11-20","mainEntityOfPage":"https:\/\/www.gestoria.cz\/kdyz-se-zriti-leseni\/","author":{"@type":"Person","@id":"https:\/\/www.gestoria.cz\/author\/#Person","name":"","url":"https:\/\/www.gestoria.cz\/author\/","identifier":1,"image":{"@type":"ImageObject","@id":"https:\/\/secure.gravatar.com\/avatar\/d2f205e1507a0401c7d467d32c87ccece0f63a45b81075bb691dbe8d4c823787?s=96&d=mm&r=g","url":"https:\/\/secure.gravatar.com\/avatar\/d2f205e1507a0401c7d467d32c87ccece0f63a45b81075bb691dbe8d4c823787?s=96&d=mm&r=g","height":96,"width":96}},"publisher":{"@type":"Organization","name":"gestoria.cz","logo":{"@type":"ImageObject","@id":"\/logo.png","url":"\/logo.png","width":600,"height":60}},"image":{"@type":"ImageObject","@id":"https:\/\/www.gestoria.cz\/wp-content\/uploads\/scaffold-14253_640_6.jpg","url":"https:\/\/www.gestoria.cz\/wp-content\/uploads\/scaffold-14253_640_6.jpg","height":0,"width":0},"keywords":null},{"@type":"Article","@id":"https:\/\/www.gestoria.cz\/instalater-pro-vas-klidny-spanek\/","headline":"Instalat\u00e9r pro V\u00e1s klidn\u00fd sp\u00e1nek","url":"https:\/\/www.gestoria.cz\/instalater-pro-vas-klidny-spanek\/","datePublished":"2024-02-19","dateModified":"2024-03-20","mainEntityOfPage":"https:\/\/www.gestoria.cz\/instalater-pro-vas-klidny-spanek\/","author":{"@type":"Person","@id":"https:\/\/www.gestoria.cz\/author\/#Person","name":"","url":"https:\/\/www.gestoria.cz\/author\/","identifier":1,"image":{"@type":"ImageObject","@id":"https:\/\/secure.gravatar.com\/avatar\/d2f205e1507a0401c7d467d32c87ccece0f63a45b81075bb691dbe8d4c823787?s=96&d=mm&r=g","url":"https:\/\/secure.gravatar.com\/avatar\/d2f205e1507a0401c7d467d32c87ccece0f63a45b81075bb691dbe8d4c823787?s=96&d=mm&r=g","height":96,"width":96}},"publisher":{"@type":"Organization","name":"gestoria.cz","logo":{"@type":"ImageObject","@id":"\/logo.png","url":"\/logo.png","width":600,"height":60}},"image":{"@type":"ImageObject","@id":"https:\/\/www.gestoria.cz\/wp-content\/uploads\/sewage-5526934_1280_1.png","url":"https:\/\/www.gestoria.cz\/wp-content\/uploads\/sewage-5526934_1280_1.png","height":0,"width":0},"keywords":null},{"@type":"Article","@id":"https:\/\/www.gestoria.cz\/elektroinstalace-se-tyka-i-hromosvodu\/","headline":"Elektroinstalace se t\u00fdk\u00e1 i hromosvod\u016f","url":"https:\/\/www.gestoria.cz\/elektroinstalace-se-tyka-i-hromosvodu\/","datePublished":"2022-06-19","dateModified":"2023-05-02","mainEntityOfPage":"https:\/\/www.gestoria.cz\/elektroinstalace-se-tyka-i-hromosvodu\/","author":{"@type":"Person","@id":"https:\/\/www.gestoria.cz\/author\/#Person","name":"","url":"https:\/\/www.gestoria.cz\/author\/","identifier":1,"image":{"@type":"ImageObject","@id":"https:\/\/secure.gravatar.com\/avatar\/d2f205e1507a0401c7d467d32c87ccece0f63a45b81075bb691dbe8d4c823787?s=96&d=mm&r=g","url":"https:\/\/secure.gravatar.com\/avatar\/d2f205e1507a0401c7d467d32c87ccece0f63a45b81075bb691dbe8d4c823787?s=96&d=mm&r=g","height":96,"width":96}},"publisher":{"@type":"Organization","name":"gestoria.cz","logo":{"@type":"ImageObject","@id":"\/logo.png","url":"\/logo.png","width":600,"height":60}},"image":{"@type":"ImageObject","@id":"https:\/\/www.gestoria.cz\/wp-content\/uploads\/veleta-2335214_640_1.jpg","url":"https:\/\/www.gestoria.cz\/wp-content\/uploads\/veleta-2335214_640_1.jpg","height":0,"width":0},"keywords":null},{"@type":"Article","@id":"https:\/\/www.gestoria.cz\/proc-si-vybrat-kvalitniho-zubniho-lekare\/","headline":"Pro\u010d si vybrat kvalitn\u00edho zubn\u00edho l\u00e9ka\u0159e","url":"https:\/\/www.gestoria.cz\/proc-si-vybrat-kvalitniho-zubniho-lekare\/","datePublished":"2022-05-26","dateModified":"2023-05-02","mainEntityOfPage":"https:\/\/www.gestoria.cz\/proc-si-vybrat-kvalitniho-zubniho-lekare\/","author":{"@type":"Person","@id":"https:\/\/www.gestoria.cz\/author\/#Person","name":"","url":"https:\/\/www.gestoria.cz\/author\/","identifier":1,"image":{"@type":"ImageObject","@id":"https:\/\/secure.gravatar.com\/avatar\/d2f205e1507a0401c7d467d32c87ccece0f63a45b81075bb691dbe8d4c823787?s=96&d=mm&r=g","url":"https:\/\/secure.gravatar.com\/avatar\/d2f205e1507a0401c7d467d32c87ccece0f63a45b81075bb691dbe8d4c823787?s=96&d=mm&r=g","height":96,"width":96}},"publisher":{"@type":"Organization","name":"gestoria.cz","logo":{"@type":"ImageObject","@id":"\/logo.png","url":"\/logo.png","width":600,"height":60}},"image":{"@type":"ImageObject","@id":"https:\/\/www.gestoria.cz\/wp-content\/uploads\/teeth-gf6277e263_640_1.jpg","url":"https:\/\/www.gestoria.cz\/wp-content\/uploads\/teeth-gf6277e263_640_1.jpg","height":0,"width":0},"keywords":null}]}